{"id":995,"date":"2016-06-08T11:14:57","date_gmt":"2016-06-08T09:14:57","guid":{"rendered":"http:\/\/hjartdalhistorielag.no\/?p=995"},"modified":"2016-06-22T14:46:17","modified_gmt":"2016-06-22T12:46:17","slug":"bli-med-historielaget-til-suigard-bondal-25-juni","status":"publish","type":"post","link":"https:\/\/hjartdalhistorielag.no\/?p=995","title":{"rendered":"Bli med historielaget til Suigard Bondal \u2013 25 juni!"},"content":{"rendered":"<p>Har du opplevd v\u00e5ren i Bondal og kulturlandskapet der n\u00e5r sommaren st\u00e5r for d\u00f8ra?<br \/>\nHar du vore p\u00e5 den gamle<a href=\"http:\/\/bondalbygdetun.no\/\" target=\"_blank\"> fjellgarden Suigard<\/a> og sett deg om p\u00e5 det fantastiske gardsmuseet til \u00d8ystein Bondal, med sm\u00e5 og store gjenstandar og reiskap som har fulgt garden i fleire hundre \u00e5r? Kanskje du har vore her f\u00f8r, men berre m\u00e5 sj\u00e5 alt dette\u00a0enda\u00a0ein gong?<a href=\"https:\/\/hjartdalhistorielag.no\/wp\/wp-content\/uploads\/2016\/06\/20150818_161927-e1465377661586.jpg\"><img loading=\"lazy\" decoding=\"async\" class=\"wp-image-997 size-medium aligncenter\" src=\"https:\/\/hjartdalhistorielag.no\/wp\/wp-content\/uploads\/2016\/06\/20150818_161927-e1465377661586-300x192.jpg\" alt=\"bondal_maleri\" width=\"300\" height=\"192\" srcset=\"https:\/\/hjartdalhistorielag.no\/wp\/wp-content\/uploads\/2016\/06\/20150818_161927-e1465377661586-300x192.jpg 300w, https:\/\/hjartdalhistorielag.no\/wp\/wp-content\/uploads\/2016\/06\/20150818_161927-e1465377661586-768x490.jpg 768w, https:\/\/hjartdalhistorielag.no\/wp\/wp-content\/uploads\/2016\/06\/20150818_161927-e1465377661586-1024x654.jpg 1024w, https:\/\/hjartdalhistorielag.no\/wp\/wp-content\/uploads\/2016\/06\/20150818_161927-e1465377661586.jpg 1226w\" sizes=\"auto, (max-width: 300px) 100vw, 300px\" \/><\/a><br \/>\nDa kan du bli med historielaget til Bondal l\u00f8rdag 25.juni. Stiftinga Bondal bygdetun og Hjartdal historielag vil denne dagen syne deg rundt p\u00e5 den gamle garden og museet, vi har lapskaus og kaffi til salgs og eit program for dagen vi heilt sikkert trur du vil like.<br \/>\nNils Bondal tar med seg fela si s\u00e5 sl\u00e5ttemusikk nok ein gong vil bli \u00e5 h\u00f8yre utover fjellbygda. Bent Nilsen tar turen fr\u00e5 stulen p\u00e5 Finnvollen og vil fortelje om bondalsbygda og kulturlandskapet. Kanskje vil vi til og med f\u00e5 h\u00f8yre nokre av v\u00e5re eldre synge ei eller fleire folkeviser og fortelje ei god historie fr\u00e5 gammal tid.<br \/>\nVil du vere med p\u00e5 dette, m\u00e5 du melde deg p\u00e5 og bli med i bussen som g\u00e5r fr\u00e5 Hjartdal bygdesentral kl 10, Saulandtunet kl 10.30 og B\u00f8en Camping kl 11. Sj\u00f8lv om du ogs\u00e5 kan bruke privatbil vil vi gjerne ha flest muleg i buss pga parkeringa. Bussen g\u00e5r tilbake fr\u00e5 Bondal i 16-tida.<br \/>\nOBS! Ta med deg ein campingstol!<\/p>\n<p>P\u00e5melding tidlegast r\u00e5d til Thor Tveiten 95 46 77 99, Svein Bakkalia 97 53 54 68 eller Torgunn Opsal 46 94 45 21.<\/p>\n","protected":false},"excerpt":{"rendered":"<p>Har du opplevd v\u00e5ren i Bondal og kulturlandskapet der n\u00e5r sommaren st\u00e5r for d\u00f8ra? Har du vore p\u00e5 den gamle fjellgarden Suigard og sett deg om p\u00e5 det fantastiske gardsmuseet til \u00d8ystein Bondal, med sm\u00e5 og store gjenstandar og reiskap som har fulgt garden i fleire hundre \u00e5r? Kanskje du har vore her f\u00f8r, men &hellip; <a href=\"https:\/\/hjartdalhistorielag.no\/?p=995\" class=\"more-link\">Fortsett \u00e5 lese <span class=\"screen-reader-text\">Bli med historielaget til Suigard Bondal \u2013 25 juni!<\/span> <span class=\"meta-nav\">&rarr;<\/span><\/a><\/p>\n","protected":false},"author":1,"featured_media":0,"comment_status":"closed","ping_status":"open","sticky":false,"template":"","format":"standard","meta":{"footnotes":""},"categories":[9],"tags":[],"class_list":["post-995","post","type-post","status-publish","format-standard","hentry","category-_"],"_links":{"self":[{"href":"https:\/\/hjartdalhistorielag.no\/index.php?rest_route=\/wp\/v2\/posts\/995","targetHints":{"allow":["GET"]}}],"collection":[{"href":"https:\/\/hjartdalhistorielag.no\/index.php?rest_route=\/wp\/v2\/posts"}],"about":[{"href":"https:\/\/hjartdalhistorielag.no\/index.php?rest_route=\/wp\/v2\/types\/post"}],"author":[{"embeddable":true,"href":"https:\/\/hjartdalhistorielag.no\/index.php?rest_route=\/wp\/v2\/users\/1"}],"replies":[{"embeddable":true,"href":"https:\/\/hjartdalhistorielag.no\/index.php?rest_route=%2Fwp%2Fv2%2Fcomments&post=995"}],"version-history":[{"count":5,"href":"https:\/\/hjartdalhistorielag.no\/index.php?rest_route=\/wp\/v2\/posts\/995\/revisions"}],"predecessor-version":[{"id":1006,"href":"https:\/\/hjartdalhistorielag.no\/index.php?rest_route=\/wp\/v2\/posts\/995\/revisions\/1006"}],"wp:attachment":[{"href":"https:\/\/hjartdalhistorielag.no\/index.php?rest_route=%2Fwp%2Fv2%2Fmedia&parent=995"}],"wp:term":[{"taxonomy":"category","embeddable":true,"href":"https:\/\/hjartdalhistorielag.no\/index.php?rest_route=%2Fwp%2Fv2%2Fcategories&post=995"},{"taxonomy":"post_tag","embeddable":true,"href":"https:\/\/hjartdalhistorielag.no\/index.php?rest_route=%2Fwp%2Fv2%2Ftags&post=995"}],"curies":[{"name":"wp","href":"https:\/\/api.w.org\/{rel}","templated":true}]}}