{"id":944,"date":"2015-11-14T12:43:38","date_gmt":"2015-11-14T11:43:38","guid":{"rendered":"http:\/\/hjartdalhistorielag.no\/?p=944"},"modified":"2015-11-28T15:16:42","modified_gmt":"2015-11-28T14:16:42","slug":"arboka-for-2015-er-klar","status":"publish","type":"post","link":"https:\/\/hjartdalhistorielag.no\/?p=944","title":{"rendered":"\u00c5rboka for 2015 er klar"},"content":{"rendered":"<p>Onsdag 18.november kl.19:00 kan du m\u00f8te opp p\u00e5 biblioteket i Sauland og f\u00e5 presentert den nye \u00e5rboka.<\/p>\n<p>Som vanleg er det eit variert utvalg av artiklar i boka. Dessutan er boka ekstra stor\u00a0&#8211; det er jubileums\u00e5r. Laget er 25 \u00e5r og det er \u00e5rbok nr.5.<\/p>\n<p>Boka kan bestillast p\u00e5 epost.<\/p>\n<p><a href=\"https:\/\/hjartdalhistorielag.no\/wp\/wp-content\/uploads\/2015\/11\/omslag_2015-e1447501673731.jpg\"><img loading=\"lazy\" decoding=\"async\" class=\"alignnone wp-image-946 size-medium\" src=\"https:\/\/hjartdalhistorielag.no\/wp\/wp-content\/uploads\/2015\/11\/omslag_2015-300x207.jpg\" alt=\"omslag_2015\" width=\"300\" height=\"207\" \/><\/a><\/p>\n<p>&nbsp;<\/p>\n","protected":false},"excerpt":{"rendered":"<p>Onsdag 18.november kl.19:00 kan du m\u00f8te opp p\u00e5 biblioteket i Sauland og f\u00e5 presentert den nye \u00e5rboka. Som vanleg er det eit variert utvalg av artiklar i boka. Dessutan er boka ekstra stor\u00a0&#8211; det er jubileums\u00e5r. Laget er 25 \u00e5r og det er \u00e5rbok nr.5. Boka kan bestillast p\u00e5 epost. &nbsp;<\/p>\n","protected":false},"author":1,"featured_media":0,"comment_status":"closed","ping_status":"open","sticky":false,"template":"","format":"standard","meta":{"footnotes":""},"categories":[8],"tags":[],"class_list":["post-944","post","type-post","status-publish","format-standard","hentry","category-administrasjon"],"_links":{"self":[{"href":"https:\/\/hjartdalhistorielag.no\/index.php?rest_route=\/wp\/v2\/posts\/944","targetHints":{"allow":["GET"]}}],"collection":[{"href":"https:\/\/hjartdalhistorielag.no\/index.php?rest_route=\/wp\/v2\/posts"}],"about":[{"href":"https:\/\/hjartdalhistorielag.no\/index.php?rest_route=\/wp\/v2\/types\/post"}],"author":[{"embeddable":true,"href":"https:\/\/hjartdalhistorielag.no\/index.php?rest_route=\/wp\/v2\/users\/1"}],"replies":[{"embeddable":true,"href":"https:\/\/hjartdalhistorielag.no\/index.php?rest_route=%2Fwp%2Fv2%2Fcomments&post=944"}],"version-history":[{"count":9,"href":"https:\/\/hjartdalhistorielag.no\/index.php?rest_route=\/wp\/v2\/posts\/944\/revisions"}],"predecessor-version":[{"id":956,"href":"https:\/\/hjartdalhistorielag.no\/index.php?rest_route=\/wp\/v2\/posts\/944\/revisions\/956"}],"wp:attachment":[{"href":"https:\/\/hjartdalhistorielag.no\/index.php?rest_route=%2Fwp%2Fv2%2Fmedia&parent=944"}],"wp:term":[{"taxonomy":"category","embeddable":true,"href":"https:\/\/hjartdalhistorielag.no\/index.php?rest_route=%2Fwp%2Fv2%2Fcategories&post=944"},{"taxonomy":"post_tag","embeddable":true,"href":"https:\/\/hjartdalhistorielag.no\/index.php?rest_route=%2Fwp%2Fv2%2Ftags&post=944"}],"curies":[{"name":"wp","href":"https:\/\/api.w.org\/{rel}","templated":true}]}}