{"id":745,"date":"2014-11-28T14:32:39","date_gmt":"2014-11-28T13:32:39","guid":{"rendered":"http:\/\/hjartdalhistorielag.no\/?p=745"},"modified":"2014-11-28T15:16:50","modified_gmt":"2014-11-28T14:16:50","slug":"arboka-for-2014-er-her","status":"publish","type":"post","link":"https:\/\/hjartdalhistorielag.no\/?p=745","title":{"rendered":"\u00c5rboka for 2014 er her!"},"content":{"rendered":"<p><a href=\"https:\/\/hjartdalhistorielag.no\/wp\/wp-content\/uploads\/2014\/11\/omslag_2014.jpg\"><img loading=\"lazy\" decoding=\"async\" class=\"alignleft wp-image-748 size-medium\" src=\"https:\/\/hjartdalhistorielag.no\/wp\/wp-content\/uploads\/2014\/11\/omslag_2014-300x198.jpg\" alt=\"\u00c5rbok_2014\" width=\"300\" height=\"198\" srcset=\"https:\/\/hjartdalhistorielag.no\/wp\/wp-content\/uploads\/2014\/11\/omslag_2014-300x198.jpg 300w, https:\/\/hjartdalhistorielag.no\/wp\/wp-content\/uploads\/2014\/11\/omslag_2014-1024x678.jpg 1024w\" sizes=\"auto, (max-width: 300px) 100vw, 300px\" \/><\/a>Etter litt forsinking kan du fr\u00e5 idag 28.november f\u00e5 kj\u00f8pt ny \u00e5rbok.<\/p>\n<p>Ho er lagt ut p\u00e5 dei vanlege stadene i hjartdalsbygdene fr\u00e5 i dag &#8211; og kjem i bokhandlane p\u00e5 Notodden straks over helga.<\/p>\n<p>&nbsp;<\/p>\n<p>&nbsp;<\/p>\n","protected":false},"excerpt":{"rendered":"<p>Etter litt forsinking kan du fr\u00e5 idag 28.november f\u00e5 kj\u00f8pt ny \u00e5rbok. Ho er lagt ut p\u00e5 dei vanlege stadene i hjartdalsbygdene fr\u00e5 i dag &#8211; og kjem i bokhandlane p\u00e5 Notodden straks over helga. &nbsp; &nbsp;<\/p>\n","protected":false},"author":1,"featured_media":0,"comment_status":"closed","ping_status":"open","sticky":false,"template":"","format":"standard","meta":{"footnotes":""},"categories":[8],"tags":[],"class_list":["post-745","post","type-post","status-publish","format-standard","hentry","category-administrasjon"],"_links":{"self":[{"href":"https:\/\/hjartdalhistorielag.no\/index.php?rest_route=\/wp\/v2\/posts\/745","targetHints":{"allow":["GET"]}}],"collection":[{"href":"https:\/\/hjartdalhistorielag.no\/index.php?rest_route=\/wp\/v2\/posts"}],"about":[{"href":"https:\/\/hjartdalhistorielag.no\/index.php?rest_route=\/wp\/v2\/types\/post"}],"author":[{"embeddable":true,"href":"https:\/\/hjartdalhistorielag.no\/index.php?rest_route=\/wp\/v2\/users\/1"}],"replies":[{"embeddable":true,"href":"https:\/\/hjartdalhistorielag.no\/index.php?rest_route=%2Fwp%2Fv2%2Fcomments&post=745"}],"version-history":[{"count":4,"href":"https:\/\/hjartdalhistorielag.no\/index.php?rest_route=\/wp\/v2\/posts\/745\/revisions"}],"predecessor-version":[{"id":753,"href":"https:\/\/hjartdalhistorielag.no\/index.php?rest_route=\/wp\/v2\/posts\/745\/revisions\/753"}],"wp:attachment":[{"href":"https:\/\/hjartdalhistorielag.no\/index.php?rest_route=%2Fwp%2Fv2%2Fmedia&parent=745"}],"wp:term":[{"taxonomy":"category","embeddable":true,"href":"https:\/\/hjartdalhistorielag.no\/index.php?rest_route=%2Fwp%2Fv2%2Fcategories&post=745"},{"taxonomy":"post_tag","embeddable":true,"href":"https:\/\/hjartdalhistorielag.no\/index.php?rest_route=%2Fwp%2Fv2%2Ftags&post=745"}],"curies":[{"name":"wp","href":"https:\/\/api.w.org\/{rel}","templated":true}]}}