{"id":1425,"date":"2025-10-28T10:52:13","date_gmt":"2025-10-28T09:52:13","guid":{"rendered":"https:\/\/hjartdalhistorielag.no\/?p=1425"},"modified":"2025-11-08T12:04:37","modified_gmt":"2025-11-08T11:04:37","slug":"bygdekveld-9-november","status":"publish","type":"post","link":"https:\/\/hjartdalhistorielag.no\/?p=1425","title":{"rendered":"Bygdekveld 9.november"},"content":{"rendered":"\n<h1 class=\"wp-block-heading\">Bygdekveld i Sauland &#8211; crossings200<\/h1>\n\n\n\n<p>Du er velkommen til &nbsp;menighetshuset i Sauland s\u00f8ndag 9.november. Hjartdalskoret og Hjartdal historielag har sl\u00e5tt seg saman og arrangerer ein tradisjonell bygdekveld, og temaet for kvelden er utvandringshistorie. Arrangementet er ein del av det landsomfattande utvandrarjubileet <em>crossings20<\/em>0 som markerer dei 200 \u00e5ra som er g\u00e5tt sidan den f\u00f8rste organiserte utvandringa til USA i 1825.<\/p>\n\n\n\n<p>Denne f\u00f8rste utvandringshistoria, og sj\u00f8lvsagt ein viktig del av v\u00e5r lokale historie, blir presentert denne kvelden, f\u00f8rst og fremst av Anne Haugen Wagn som har skrive fleire b\u00f8ker og halde tallause foredrag om temaet. &nbsp;Bygdene her i \u00d8vre Telemark framskaffa fleire av dei store pionerane i denne historia, og til og med austlandets aller f\u00f8rste emigrant. Alt dette er verdt \u00e5 minnast og samle seg om n\u00e5r eit rundt tal skal markerast. &nbsp;<\/p>\n\n\n\n<p>Etter kaffepause har vi bes\u00f8k fr\u00e5 Bondal av Sarah Cathrine Nagell. Vi kjenner henne mellom anna som kordirigent og hardingfelespelar. Med sin amerikanske bakgrunn er ho ein sj\u00f8lvsagt gjest denne kvelden, og deltar b\u00e5de som musikar og med sin historie som \u00abmigrant\u00bb.<\/p>\n\n\n\n<p>Arrangementet er i samarbeid med Hjartdalskoret som under leiing av Torild M\u00f6inichen Sk\u00e5rdal sj\u00f8lvsagt ogs\u00e5 bidrar denne kvelden. Her blir det b\u00e5de korsang, visesang og allsang \u2013 og i det heile kan ein regne med eit variert program for einkvar smak.<\/p>\n\n\n\n<p>Inngangen er som vanleg gratis n\u00e5r desse laga inviterer!<\/p>\n\n\n\n<figure class=\"wp-block-image size-large\"><a href=\"https:\/\/hjartdalhistorielag.no\/wp\/wp-content\/uploads\/2025\/10\/plakat_crossings200.jpg\"><img loading=\"lazy\" decoding=\"async\" width=\"724\" height=\"1024\" src=\"https:\/\/hjartdalhistorielag.no\/wp\/wp-content\/uploads\/2025\/10\/plakat_crossings200-724x1024.jpg\" alt=\"\" class=\"wp-image-1424\" srcset=\"https:\/\/hjartdalhistorielag.no\/wp\/wp-content\/uploads\/2025\/10\/plakat_crossings200-724x1024.jpg 724w, https:\/\/hjartdalhistorielag.no\/wp\/wp-content\/uploads\/2025\/10\/plakat_crossings200-212x300.jpg 212w, https:\/\/hjartdalhistorielag.no\/wp\/wp-content\/uploads\/2025\/10\/plakat_crossings200-768x1086.jpg 768w, https:\/\/hjartdalhistorielag.no\/wp\/wp-content\/uploads\/2025\/10\/plakat_crossings200.jpg 842w\" sizes=\"auto, (max-width: 724px) 100vw, 724px\" \/><\/a><\/figure>\n\n\n\n<p><\/p>\n","protected":false},"excerpt":{"rendered":"<p>Bygdekveld i Sauland &#8211; crossings200 Du er velkommen til &nbsp;menighetshuset i Sauland s\u00f8ndag 9.november. Hjartdalskoret og Hjartdal historielag har sl\u00e5tt seg saman og arrangerer ein tradisjonell bygdekveld, og temaet for kvelden er utvandringshistorie. Arrangementet er ein del av det landsomfattande utvandrarjubileet crossings200 som markerer dei 200 \u00e5ra som er g\u00e5tt sidan den f\u00f8rste organiserte utvandringa &hellip; <a href=\"https:\/\/hjartdalhistorielag.no\/?p=1425\" class=\"more-link\">Fortsett \u00e5 lese <span class=\"screen-reader-text\">Bygdekveld 9.november<\/span> <span class=\"meta-nav\">&rarr;<\/span><\/a><\/p>\n","protected":false},"author":1,"featured_media":0,"comment_status":"closed","ping_status":"open","sticky":false,"template":"","format":"standard","meta":{"footnotes":""},"categories":[9],"tags":[],"class_list":["post-1425","post","type-post","status-publish","format-standard","hentry","category-_"],"_links":{"self":[{"href":"https:\/\/hjartdalhistorielag.no\/index.php?rest_route=\/wp\/v2\/posts\/1425","targetHints":{"allow":["GET"]}}],"collection":[{"href":"https:\/\/hjartdalhistorielag.no\/index.php?rest_route=\/wp\/v2\/posts"}],"about":[{"href":"https:\/\/hjartdalhistorielag.no\/index.php?rest_route=\/wp\/v2\/types\/post"}],"author":[{"embeddable":true,"href":"https:\/\/hjartdalhistorielag.no\/index.php?rest_route=\/wp\/v2\/users\/1"}],"replies":[{"embeddable":true,"href":"https:\/\/hjartdalhistorielag.no\/index.php?rest_route=%2Fwp%2Fv2%2Fcomments&post=1425"}],"version-history":[{"count":2,"href":"https:\/\/hjartdalhistorielag.no\/index.php?rest_route=\/wp\/v2\/posts\/1425\/revisions"}],"predecessor-version":[{"id":1435,"href":"https:\/\/hjartdalhistorielag.no\/index.php?rest_route=\/wp\/v2\/posts\/1425\/revisions\/1435"}],"wp:attachment":[{"href":"https:\/\/hjartdalhistorielag.no\/index.php?rest_route=%2Fwp%2Fv2%2Fmedia&parent=1425"}],"wp:term":[{"taxonomy":"category","embeddable":true,"href":"https:\/\/hjartdalhistorielag.no\/index.php?rest_route=%2Fwp%2Fv2%2Fcategories&post=1425"},{"taxonomy":"post_tag","embeddable":true,"href":"https:\/\/hjartdalhistorielag.no\/index.php?rest_route=%2Fwp%2Fv2%2Ftags&post=1425"}],"curies":[{"name":"wp","href":"https:\/\/api.w.org\/{rel}","templated":true}]}}